{"id":623,"date":"2021-09-01T15:45:13","date_gmt":"2021-09-01T13:45:13","guid":{"rendered":"https:\/\/www.anna-zalewska.eu\/?p=623"},"modified":"2021-09-01T15:45:13","modified_gmt":"2021-09-01T13:45:13","slug":"nowe-biuro-pis-w-swidnicy-przy-ul-trybunalskiej-2","status":"publish","type":"post","link":"https:\/\/www.annazalewska.pl\/nowa2\/2021\/09\/01\/nowe-biuro-pis-w-swidnicy-przy-ul-trybunalskiej-2\/","title":{"rendered":"Nowe Biuro PiS w \u015awidnicy przy ul. Trybunalskiej 2"},"content":{"rendered":"<div class=\"\" dir=\"auto\">\n<div id=\"jsc_c_226\" class=\"ecm0bbzt hv4rvrfc ihqw7lf3 dati1w0a\" data-ad-comet-preview=\"message\" data-ad-preview=\"message\">\n<div class=\"j83agx80 cbu4d94t ew0dbk1b irj2b8pg\">\n<div class=\"qzhwtbm6 knvmm38d\">\n<div class=\"kvgmc6g5 cxmmr5t8 oygrvhab hcukyx3x c1et5uql ii04i59q\">\n<div dir=\"auto\">\n<p>W poniedzia\u0142ek 30 sierpnia 2021 r. odby\u0142o si\u0119 oficjalne otwarcie Biura Poselskiego Pos\u0142a na Sejm RP Ireneusza Zyski w \u015awidnicy przy ul. Trybunalskiej 2. Biuro jest czynne (w poniedzia\u0142ki od 10:00 do 17:00, w \u015brody od 10:00 do 18:00 i czwartki od 10:00 do 17:00) ju\u017c od pocz\u0105tku sierpnia, jednak ze wzgl\u0119du na okres wakacyjny uroczysto\u015b\u0107 otwarcia zosta\u0142a przesuni\u0119ta na koniec miesi\u0105ca. Otwarcie biura w tej lokalizacji nie jest przypadkowe. Jako pos\u0142owie PiS chcemy by\u0107 blisko ludzi, stwarzaj\u0105c mo\u017cliwo\u015b\u0107 bezpo\u015bredniego kontaktu z pos\u0142em i pracownikami biura dla ka\u017cdego, tak\u017ce dla os\u00f3b starszych i z niepe\u0142nosprawno\u015bciami, kt\u00f3rym trudno jest wej\u015b\u0107 na wy\u017csze kondygnacje budynku. Niezwykle wa\u017cne jest tak\u017ce informowanie mieszka\u0144c\u00f3w ziemi \u015bwidnickiej o dzia\u0142aniach parlamentu i rz\u0105du, podejmowanych dla dobra obywateli i pomy\u015blnego rozwoju kraju. T\u0105 misj\u0119 b\u0119dziemy realizowa\u0107 poprzez spotkania, rozmowy i interwencje poselskie.<\/p>\n<p>Biuro jest tak\u017ce fili\u0105 biur parlamentarzyst\u00f3w <a class=\"oajrlxb2 g5ia77u1 qu0x051f esr5mh6w e9989ue4 r7d6kgcz rq0escxv nhd2j8a9 nc684nl6 p7hjln8o kvgmc6g5 cxmmr5t8 oygrvhab hcukyx3x jb3vyjys rz4wbd8a qt6c0cv9 a8nywdso i1ao9s8h esuyzwwr f1sip0of lzcic4wl q66pz984 gpro0wi8 b1v8xokw\" tabindex=\"0\" role=\"link\" href=\"https:\/\/www.facebook.com\/pisorgpl?__cft__[0]=AZUE4zNsHkEIZb4EJXzW2PYDtUQrlk61jy6wK6XuVvjhQCO_YACmLk5G1uH8BQFao6as0FGXVbs49yACjXntZ9vaNHFVBRn1YrNyRDMQbwLgGPdQbhqp1-JjSazWFXvqYUP9zkm0x0eAbZnm0fSBxvIq&amp;__tn__=-]K-R\"><span class=\"nc684nl6\">Prawo i Sprawiedliwo\u015b\u0107<\/span><\/a>: Anny Zalewskiej Pos\u0142a do PE, Micha\u0142a Dworczyka Pos\u0142a na Sejm RP, Marcina Gwo\u017adzia Pos\u0142a na Sejm RP, Aleksandra Szweda Senatora RP. Po um\u00f3wieniu spotkania istnieje mo\u017cliwo\u015b\u0107 spotkania z wybranym parlamentarzyst\u0105. Osobi\u015bcie b\u0119d\u0119 pe\u0142ni\u0142 dy\u017cury poselskie w poniedzia\u0142ki. Ponadto, w \u015brody w godzinach od 16:00 do 18:00 mieszka\u0144cy \u015awidnicy b\u0119d\u0105 mogli spotka\u0107 si\u0119 z radnymi miejskimi lub powiatowymi z Klubu PiS.<\/p>\n<\/div>\n<div dir=\"auto\">\n<p>Uroczysto\u015b\u0107 otwarcia sta\u0142a si\u0119 wa\u017cnym wydarzeniem dla \u015bwidniczan i mieszka\u0144c\u00f3w powiatu \u015bwidnickiego, szczeg\u00f3lnie dla \u015brodowisk prawicowych, patriotycznych i niepodleg\u0142o\u015bciowych. Wysoka frekwencja \u015bwiadczy o du\u017cym zainteresowaniu dzia\u0142alno\u015bci\u0105 biura poselskiego i nadziei na zwi\u0119kszon\u0105 aktywno\u015b\u0107 \u015brodowiska politycznego Prawa i Sprawiedliwo\u015bci w \u015awidnicy.<\/p>\n<p>W imieniu Europose\u0142 Anny Zalewskiej w uroczysto\u015bci uczestniczy\u0142 Dyrektor Biura Marcin Pi\u0119t.<\/p>\n<div id='gallery-1' class='gallery galleryid-623 gallery-columns-3 gallery-size-thumbnail'><figure class='gallery-item'>\n\t\t\t<div class='gallery-icon portrait'>\n\t\t\t\t<a href='https:\/\/www.annazalewska.pl\/nowa2\/2021\/09\/01\/nowe-biuro-pis-w-swidnicy-przy-ul-trybunalskiej-2\/olympus-digital-camera-5\/'><img decoding=\"async\" width=\"150\" height=\"150\" src=\"https:\/\/www.annazalewska.pl\/nowa2\/wp-content\/uploads\/2021\/09\/P8300201-150x150.jpg\" class=\"attachment-thumbnail size-thumbnail\" alt=\"\" \/><\/a>\n\t\t\t<\/div><\/figure><figure class='gallery-item'>\n\t\t\t<div class='gallery-icon landscape'>\n\t\t\t\t<a href='https:\/\/www.annazalewska.pl\/nowa2\/2021\/09\/01\/nowe-biuro-pis-w-swidnicy-przy-ul-trybunalskiej-2\/olympus-digital-camera-4\/'><img decoding=\"async\" width=\"150\" height=\"150\" src=\"https:\/\/www.annazalewska.pl\/nowa2\/wp-content\/uploads\/2021\/09\/P8300102-150x150.jpg\" class=\"attachment-thumbnail size-thumbnail\" alt=\"\" \/><\/a>\n\t\t\t<\/div><\/figure><figure class='gallery-item'>\n\t\t\t<div class='gallery-icon landscape'>\n\t\t\t\t<a href='https:\/\/www.annazalewska.pl\/nowa2\/2021\/09\/01\/nowe-biuro-pis-w-swidnicy-przy-ul-trybunalskiej-2\/olympus-digital-camera-3\/'><img decoding=\"async\" width=\"150\" height=\"150\" src=\"https:\/\/www.annazalewska.pl\/nowa2\/wp-content\/uploads\/2021\/09\/P8300139-150x150.jpg\" class=\"attachment-thumbnail size-thumbnail\" alt=\"\" \/><\/a>\n\t\t\t<\/div><\/figure><figure class='gallery-item'>\n\t\t\t<div class='gallery-icon landscape'>\n\t\t\t\t<a href='https:\/\/www.annazalewska.pl\/nowa2\/2021\/09\/01\/nowe-biuro-pis-w-swidnicy-przy-ul-trybunalskiej-2\/olympus-digital-camera-2\/'><img loading=\"lazy\" decoding=\"async\" width=\"150\" height=\"150\" src=\"https:\/\/www.annazalewska.pl\/nowa2\/wp-content\/uploads\/2021\/09\/P8300186-150x150.jpg\" class=\"attachment-thumbnail size-thumbnail\" alt=\"\" \/><\/a>\n\t\t\t<\/div><\/figure>\n\t\t<\/div>\n\n<\/div>\n<div dir=\"auto\"><\/div>\n<\/div>\n<\/div>\n<\/div>\n<\/div>\n<\/div>\n","protected":false},"excerpt":{"rendered":"<p>W poniedzia\u0142ek 30 sierpnia 2021 r. odby\u0142o si\u0119 oficjalne otwarcie Biura Poselskiego Pos\u0142a na Sejm RP Ireneusza Zyski w \u015awidnicy przy ul. Trybunalskiej 2. Biuro jest czynne (w poniedzia\u0142ki od 10:00 do 17:00, w \u015brody od 10:00 do 18:00 i czwartki od 10:00 do 17:00) ju\u017c od pocz\u0105tku sierpnia, jednak ze wzgl\u0119du na okres wakacyjny [&hellip;]<\/p>\n","protected":false},"author":1,"featured_media":634,"comment_status":"open","ping_status":"open","sticky":false,"template":"","format":"standard","meta":{"_acf_changed":false,"_monsterinsights_skip_tracking":false,"_monsterinsights_sitenote_active":false,"_monsterinsights_sitenote_note":"","_monsterinsights_sitenote_category":0,"footnotes":""},"categories":[31],"tags":[],"class_list":["post-623","post","type-post","status-publish","format-standard","has-post-thumbnail","hentry","category-aktualnosci"],"acf":[],"_links":{"self":[{"href":"https:\/\/www.annazalewska.pl\/nowa2\/wp-json\/wp\/v2\/posts\/623","targetHints":{"allow":["GET"]}}],"collection":[{"href":"https:\/\/www.annazalewska.pl\/nowa2\/wp-json\/wp\/v2\/posts"}],"about":[{"href":"https:\/\/www.annazalewska.pl\/nowa2\/wp-json\/wp\/v2\/types\/post"}],"author":[{"embeddable":true,"href":"https:\/\/www.annazalewska.pl\/nowa2\/wp-json\/wp\/v2\/users\/1"}],"replies":[{"embeddable":true,"href":"https:\/\/www.annazalewska.pl\/nowa2\/wp-json\/wp\/v2\/comments?post=623"}],"version-history":[{"count":0,"href":"https:\/\/www.annazalewska.pl\/nowa2\/wp-json\/wp\/v2\/posts\/623\/revisions"}],"wp:featuredmedia":[{"embeddable":true,"href":"https:\/\/www.annazalewska.pl\/nowa2\/wp-json\/wp\/v2\/media\/634"}],"wp:attachment":[{"href":"https:\/\/www.annazalewska.pl\/nowa2\/wp-json\/wp\/v2\/media?parent=623"}],"wp:term":[{"taxonomy":"category","embeddable":true,"href":"https:\/\/www.annazalewska.pl\/nowa2\/wp-json\/wp\/v2\/categories?post=623"},{"taxonomy":"post_tag","embeddable":true,"href":"https:\/\/www.annazalewska.pl\/nowa2\/wp-json\/wp\/v2\/tags?post=623"}],"curies":[{"name":"wp","href":"https:\/\/api.w.org\/{rel}","templated":true}]}}