{"id":17463,"date":"2023-07-12T15:02:20","date_gmt":"2023-07-12T13:02:20","guid":{"rendered":"https:\/\/www.annazalewska.pl\/?p=17463"},"modified":"2023-07-12T15:02:20","modified_gmt":"2023-07-12T13:02:20","slug":"pe-przyjal-raport-anny-zalewskiej-dotyczacy-nowoczesnego-ksztalcenia-i-szkolenia-zawodowego-w-odpowiedzi-na-potrzeby-i-wyzwania-rynku-pracy","status":"publish","type":"post","link":"https:\/\/www.annazalewska.pl\/nowa2\/2023\/07\/12\/pe-przyjal-raport-anny-zalewskiej-dotyczacy-nowoczesnego-ksztalcenia-i-szkolenia-zawodowego-w-odpowiedzi-na-potrzeby-i-wyzwania-rynku-pracy\/","title":{"rendered":"PE przyj\u0105\u0142 raport Anny Zalewskiej dotycz\u0105cy nowoczesnego kszta\u0142cenia i szkolenia zawodowego w odpowiedzi na potrzeby i wyzwania rynku pracy"},"content":{"rendered":"\n<p class=\"wp-block-paragraph\"><strong>Dzi\u015b podczas sesji plenarnej Parlamentu Europejskiego europos\u0142owie g\u0142osowali nad raportem autorstwa eurodeputowanej PiS Anny Zalewskiej pt. &#8220;Wspieranie i dostosowywanie szkole\u0144 zawodowych jako narz\u0119dzi sukcesu pracownik\u00f3w i podstawowego elementu gospodarki UE w nowym przemy\u015ble 4.0.&#8221;. Dokument zosta\u0142 przyj\u0119ty zdecydowan\u0105 wi\u0119kszo\u015bci\u0105 g\u0142os\u00f3w (508 za, 12 przeciw, 76 wstrzymuj\u0105cych si\u0119).<\/strong><\/p>\n\n\n\n<p class=\"wp-block-paragraph\"><\/p>\n\n\n\n<p class=\"wp-block-paragraph\">Autorka sprawozdania stwierdzi\u0142a, \u017ce to du\u017ca satysfakcja, \u017ce raport o kompetencjach 4.0. zosta\u0142 przyj\u0119ty w Europejskim Roku Umiej\u0119tno\u015bci<strong>. &#8220;Rzeczywisto\u015b\u0107 zmienia si\u0119 w tak szybkim tempie, \u017ce za moment \u015bwiat 4.0 pewnie stanie si\u0119 5.0, a my musimy temu sprosta\u0107&#8221;<\/strong> \u2013 m\u00f3wi\u0142a.<br><br><strong>&#8220;Potrzebujemy nowych kompetencji niezb\u0119dnych przede wszystkim w \u015bwiecie cyfrowym&#8221;<\/strong> \u2013 podkre\u015bli\u0142a Zalewska wskazuj\u0105c, \u017ce kluczowe dzi\u015b umiej\u0119tno\u015bci, to te zwi\u0105zane z zarz\u0105dzaniem, programowaniem, analizowaniem, prezentacj\u0105, ale r\u00f3wnie\u017c umiej\u0119tno\u015bci wymuszane przez inny spos\u00f3b funkcjonowania edukacji, czy te\u017c pracy. Jak zauwa\u017cy\u0142a, dzi\u015b\u00a0 inaczej wygl\u0105daj\u0105 stosunki personalne, interpersonalne, spo\u0142eczne, s\u0105 zupe\u0142nie inne potrzeby organizacyjne.<br><br>Sprawozdawczyni m\u00f3wi\u0142a, \u017ce w raporcie podkre\u015blono znaczenie r\u00f3\u017cnych \u015bcie\u017cek doskonalenia od pocz\u0105tku edukacji poprzez p\u00f3\u017aniejsze szkolenia, tak, by stworzy\u0107 maksymalne mo\u017cliwo\u015bci dostosowania do rynku pracy w zmieniaj\u0105cym si\u0119 \u015bwiecie. Zaznaczono w nim tak\u017ce, \u017ce istotne jest promowanie firm, kt\u00f3re potrafi\u0105 wspiera\u0107 swoich pracownik\u00f3w w rozwoju umiej\u0119tno\u015bci, kt\u00f3rych wymaga rynek 4.0, co przek\u0142ada si\u0119 na dobro nie tylko ich samych, lecz tak\u017ce rynku i konkurencyjno\u015bci. Eurodeputowana PiS m\u00f3wi\u0142a, \u017ce tak\u0105 form\u0105 promocji s\u0105 m.in. Euroskills, czyli najwi\u0119ksze w Europie zawody, w kt\u00f3rych rywalizuj\u0105 mistrzowie w kilkudziesi\u0119ciu specjalizacjach. Anna Zalewska zaprosi\u0142a na tegoroczn\u0105 edycj\u0119 tej imprezy, kt\u00f3ra ju\u017c za nieca\u0142e dwa miesi\u0105ce odb\u0119dzie si\u0119 w Gda\u0144sku.<\/p>\n\n\n\n<p class=\"wp-block-paragraph\">Jednocze\u015bnie, jak zaznaczy\u0142a Zalewska, realizacja wszystkich tych zalece\u0144 pozostaje w gestii kraj\u00f3w cz\u0142onkowskich, kt\u00f3re maj\u0105 tu wy\u0142\u0105czne kompetencje.<\/p>\n","protected":false},"excerpt":{"rendered":"<p>Dzi\u015b podczas sesji plenarnej Parlamentu Europejskiego europos\u0142owie g\u0142osowali nad raportem autorstwa eurodeputowanej PiS Anny Zalewskiej pt. &#8220;Wspieranie i dostosowywanie szkole\u0144 zawodowych jako narz\u0119dzi sukcesu pracownik\u00f3w i podstawowego elementu gospodarki UE w nowym przemy\u015ble 4.0.&#8221;. Dokument zosta\u0142 przyj\u0119ty zdecydowan\u0105 wi\u0119kszo\u015bci\u0105 g\u0142os\u00f3w (508 za, 12 przeciw, 76 wstrzymuj\u0105cych si\u0119). Autorka sprawozdania stwierdzi\u0142a, \u017ce to du\u017ca satysfakcja, \u017ce [&hellip;]<\/p>\n","protected":false},"author":1,"featured_media":17020,"comment_status":"open","ping_status":"open","sticky":false,"template":"","format":"standard","meta":{"_acf_changed":false,"_monsterinsights_skip_tracking":false,"footnotes":""},"categories":[31,48,49,50],"tags":[38,66,69,40],"class_list":["post-17463","post","type-post","status-publish","format-standard","has-post-thumbnail","hentry","category-aktualnosci","category-najnowsze","category-parlament-europejski","category-unia-europejska","tag-anna-zalewska","tag-parlament-europejski","tag-unia-europejska","tag-zalewska"],"acf":[],"_links":{"self":[{"href":"https:\/\/www.annazalewska.pl\/nowa2\/wp-json\/wp\/v2\/posts\/17463","targetHints":{"allow":["GET"]}}],"collection":[{"href":"https:\/\/www.annazalewska.pl\/nowa2\/wp-json\/wp\/v2\/posts"}],"about":[{"href":"https:\/\/www.annazalewska.pl\/nowa2\/wp-json\/wp\/v2\/types\/post"}],"author":[{"embeddable":true,"href":"https:\/\/www.annazalewska.pl\/nowa2\/wp-json\/wp\/v2\/users\/1"}],"replies":[{"embeddable":true,"href":"https:\/\/www.annazalewska.pl\/nowa2\/wp-json\/wp\/v2\/comments?post=17463"}],"version-history":[{"count":0,"href":"https:\/\/www.annazalewska.pl\/nowa2\/wp-json\/wp\/v2\/posts\/17463\/revisions"}],"wp:featuredmedia":[{"embeddable":true,"href":"https:\/\/www.annazalewska.pl\/nowa2\/wp-json\/wp\/v2\/media\/17020"}],"wp:attachment":[{"href":"https:\/\/www.annazalewska.pl\/nowa2\/wp-json\/wp\/v2\/media?parent=17463"}],"wp:term":[{"taxonomy":"category","embeddable":true,"href":"https:\/\/www.annazalewska.pl\/nowa2\/wp-json\/wp\/v2\/categories?post=17463"},{"taxonomy":"post_tag","embeddable":true,"href":"https:\/\/www.annazalewska.pl\/nowa2\/wp-json\/wp\/v2\/tags?post=17463"}],"curies":[{"name":"wp","href":"https:\/\/api.w.org\/{rel}","templated":true}]}}