{"id":17037,"date":"2022-05-20T15:12:28","date_gmt":"2022-05-20T13:12:28","guid":{"rendered":"https:\/\/www.annazalewska.pl\/?p=17037"},"modified":"2022-05-20T15:12:28","modified_gmt":"2022-05-20T13:12:28","slug":"inicjatywa-europosel-zalewskiej-usunac-radzieckie-czolgi-i-armaty-z-wroclawia","status":"publish","type":"post","link":"https:\/\/www.annazalewska.pl\/nowa2\/2022\/05\/20\/inicjatywa-europosel-zalewskiej-usunac-radzieckie-czolgi-i-armaty-z-wroclawia\/","title":{"rendered":"Inicjatywa Europose\u0142 Zalewskiej: Usun\u0105\u0107 radzieckie czo\u0142gi i armaty z Wroc\u0142awia!"},"content":{"rendered":"\n<p class=\"wp-block-paragraph\">Eurodeputowana Prawa i Sprawiedliwo\u015bci Anna Zalewska w li\u015bcie zwr\u00f3ci\u0142\u0105 si\u0119 do Wojewody Dolno\u015bl\u0105skiego  Jaros\u0142awa Obr\u0119bskiego z<br>apelem  o zmian\u0119 miejsca dla  poradzieckich armat ZiS-3 oraz czo\u0142g\u00f3w T-34 znajduj\u0105cych si\u0119 na Cmentarzu Oficer\u00f3w Radzieckich przy ulicy Karkonoskiej we Wroc\u0142awiu. <br><br>Zalewska w li\u015bcie powo\u0142uje si\u0119 na opinie mieszka\u0144c\u00f3w Wroc\u0142awia zwracaj\u0105cych uwag\u0119 na pogarszaj\u0105cy si\u0119 stan techniczny oraz zaawansowan\u0105 korozj\u0119 artylerii,<br>kt\u00f3ra mo\u017ce zagra\u017ca\u0107 zdrowiu i \u017cyciu Wroc\u0142awian.<\/p>\n\n\n\n<p class=\"wp-block-paragraph\"><br>Mowa tutaj dok\u0142adnie o armatach ZiS-3 oraz 4 czo\u0142gach T-34, kt\u00f3re w czasie trwania II wojny<br>\u015bwiatowej by\u0142y na wyposa\u017ceniu 6 armii I Frontu Ukrai\u0144skiego.<\/p>\n\n\n\n<p class=\"wp-block-paragraph\"><br>\u201eW sytuacji brutalnego ataku Rosji na Ukrain\u0119 obecno\u015b\u0107 poradzieckich militari\u00f3w w centrum naszego<br>miasta jest rzecz niedopuszczaln\u0105, budz\u0105c\u0105 spo\u0142eczny sprzeciw, mog\u0105c\u0105 doprowadzi\u0107 do<br>obywatelskiego niepos\u0142usze\u0144stwa.\u201d \u2013 pisze Anna Zalewska.<\/p>\n\n\n\n<p class=\"wp-block-paragraph\"><br>\u201eCzo\u0142gi i armaty kojarz\u0105 si\u0119 z okresem radzieckiej okupacji Polski w czasach PRL-u, a w dzisiejszym za\u015b<br>kontek\u015bcie pozostaj\u0105 symbolem brutalnej, barbarzy\u0144skiej postawy Rosji wobec innych narod\u00f3w i<br>wobec cz\u0142owieka.\u201d \u2013 dodaje eurodeputowana EKR.<br><br>Ca\u0142o\u015b\u0107 listu :<br><br><\/p>\n\n\n\n<figure class=\"wp-block-image size-large\"><img fetchpriority=\"high\" decoding=\"async\" width=\"930\" height=\"1024\" src=\"https:\/\/www.annazalewska.pl\/nowa2\/wp-content\/uploads\/2022\/05\/image0-930x1024.jpeg\" alt=\"\" class=\"wp-image-17038\" srcset=\"https:\/\/www.annazalewska.pl\/nowa2\/wp-content\/uploads\/2022\/05\/image0-930x1024.jpeg 930w, https:\/\/www.annazalewska.pl\/nowa2\/wp-content\/uploads\/2022\/05\/image0-272x300.jpeg 272w, https:\/\/www.annazalewska.pl\/nowa2\/wp-content\/uploads\/2022\/05\/image0-768x846.jpeg 768w, https:\/\/www.annazalewska.pl\/nowa2\/wp-content\/uploads\/2022\/05\/image0.jpeg 1106w\" sizes=\"(max-width: 930px) 100vw, 930px\" \/><\/figure>\n","protected":false},"excerpt":{"rendered":"<p>Eurodeputowana Prawa i Sprawiedliwo\u015bci Anna Zalewska w li\u015bcie zwr\u00f3ci\u0142\u0105 si\u0119 do Wojewody Dolno\u015bl\u0105skiego Jaros\u0142awa Obr\u0119bskiego zapelem o zmian\u0119 miejsca dla poradzieckich armat ZiS-3 oraz czo\u0142g\u00f3w T-34 znajduj\u0105cych si\u0119 na Cmentarzu Oficer\u00f3w Radzieckich przy ulicy Karkonoskiej we Wroc\u0142awiu. Zalewska w li\u015bcie powo\u0142uje si\u0119 na opinie mieszka\u0144c\u00f3w Wroc\u0142awia zwracaj\u0105cych uwag\u0119 na pogarszaj\u0105cy si\u0119 stan techniczny oraz zaawansowan\u0105 [&hellip;]<\/p>\n","protected":false},"author":1,"featured_media":17039,"comment_status":"open","ping_status":"open","sticky":false,"template":"","format":"standard","meta":{"_acf_changed":false,"_monsterinsights_skip_tracking":false,"footnotes":""},"categories":[30],"tags":[],"class_list":["post-17037","post","type-post","status-publish","format-standard","has-post-thumbnail","hentry","category-inne"],"acf":[],"_links":{"self":[{"href":"https:\/\/www.annazalewska.pl\/nowa2\/wp-json\/wp\/v2\/posts\/17037","targetHints":{"allow":["GET"]}}],"collection":[{"href":"https:\/\/www.annazalewska.pl\/nowa2\/wp-json\/wp\/v2\/posts"}],"about":[{"href":"https:\/\/www.annazalewska.pl\/nowa2\/wp-json\/wp\/v2\/types\/post"}],"author":[{"embeddable":true,"href":"https:\/\/www.annazalewska.pl\/nowa2\/wp-json\/wp\/v2\/users\/1"}],"replies":[{"embeddable":true,"href":"https:\/\/www.annazalewska.pl\/nowa2\/wp-json\/wp\/v2\/comments?post=17037"}],"version-history":[{"count":0,"href":"https:\/\/www.annazalewska.pl\/nowa2\/wp-json\/wp\/v2\/posts\/17037\/revisions"}],"wp:featuredmedia":[{"embeddable":true,"href":"https:\/\/www.annazalewska.pl\/nowa2\/wp-json\/wp\/v2\/media\/17039"}],"wp:attachment":[{"href":"https:\/\/www.annazalewska.pl\/nowa2\/wp-json\/wp\/v2\/media?parent=17037"}],"wp:term":[{"taxonomy":"category","embeddable":true,"href":"https:\/\/www.annazalewska.pl\/nowa2\/wp-json\/wp\/v2\/categories?post=17037"},{"taxonomy":"post_tag","embeddable":true,"href":"https:\/\/www.annazalewska.pl\/nowa2\/wp-json\/wp\/v2\/tags?post=17037"}],"curies":[{"name":"wp","href":"https:\/\/api.w.org\/{rel}","templated":true}]}}